{"id":1082,"date":"2025-08-26T15:52:12","date_gmt":"2025-08-26T13:52:12","guid":{"rendered":"https:\/\/www.educazionedigitale.it\/edition\/?p=1082"},"modified":"2025-08-26T15:57:17","modified_gmt":"2025-08-26T13:57:17","slug":"giornata-mondiale-della-salute-un-equilibrio-individuale-comune-ed-ambientale","status":"publish","type":"post","link":"https:\/\/www.educazionedigitale.it\/edition\/giornata-mondiale-della-salute-un-equilibrio-individuale-comune-ed-ambientale\/","title":{"rendered":"Giornata mondiale della salute: un equilibrio individuale, comune ed ambientale"},"content":{"rendered":"<p>\u201c<strong>Mens sana in corpore sano<\/strong>\u201d. Questa famosa locuzione latina \u00e8 spesso utilizzata per esprimere al meglio il rapporto tra la salute fisica e quella mentale. \u00c8 indubbio che una vita attiva, unita ad una sana alimentazione, pongano le basi per un\u2019esistenza in piena salute, ma l\u2019espressione sopra citata pu\u00f2 certamente collegarsi anche ad altri aspetti del quotidiano che entrano di diritto nella sfera riguardante la salute e il benessere.<\/p>\n<p>Ad oggi, i riflettori sembrano essere puntati su tutte quelle che sono le varie sfaccettature di un argomento ben pi\u00f9 ampio, che tocca materie pi\u00f9 o meno vicine tra loro, ma che vedono come punto focale la salute \u2013 sia essa mentale e\/o fisica &#8211; dell\u2019individuo stesso.<\/p>\n<p>La salute \u00e8 un diritto, le sue fondamenta sono scritte nero su bianco sulle pagine della <strong>Costituzione italiana che all\u2019art.32 recita:<\/strong> <em>\u201cLa Repubblica tutela la salute come fondamentale diritto dell\u2019individuo e interesse della collettivit\u00e0, e garantisce cure gratuite agli indigenti. Nessuno pu\u00f2 essere obbligato a un determinato trattamento sanitario se non per disposizione di legge. La legge non pu\u00f2 in nessun caso violare i limiti imposti dal rispetto della persona umana\u201d<\/em>. Una normativa che, quindi, risulta garantita a chiunque.<\/p>\n<div class=\"row\"  id=\"row-98060540\">\n\n\t<div id=\"col-1691024947\" class=\"col medium-6 small-12 large-6\"  >\n\t\t\t\t<div class=\"col-inner\"  >\n\t\t\t\n\t\t\t\n<p>Per crescere una societ\u00e0 sana, lo devono essere necessariamente anche le radici stesse, le basi, le fondamenta. Ed \u00e8 da questa visione d\u2019insieme che \u00e8 necessario che chi si occupa del tema salute si divida, come una grande quercia centenaria, in tanti rami pronti a sostenere sia il soggetto singolo che ha necessit\u00e0 di essere curato, sia sostenerlo psicologicamente con un contributo atto a migliorare, poi, alla fine, la vita della comunit\u00e0 in cui vive.<\/p>\n<p>Molti passi avanti sono stati fatti nel corso degli anni sotto entrambi gli aspetti. Nel 1948 a Ginevra \u00e8 stata istituita l\u2019Organizzazione Mondiale della Sanit\u00e0 (<strong>OMS<\/strong>), l\u2019organismo di indirizzo e di coordinamento in materia di salute all\u2019interno delle Nazioni Unite che tra i 17 obiettivi dell\u2019Agenda 2030 posiziona al terzo l\u2019argomento Salute e Benessere.<\/p>\n\t\t<\/div>\n\t\t\t\t\n<style>\n#col-1691024947 > .col-inner {\n  margin: -5px 0px -30px 0px;\n}\n<\/style>\n\t<\/div>\n\n\t\n\n\t<div id=\"col-789878153\" class=\"col medium-6 small-12 large-6\"  data-animate=\"bounceIn\">\n\t\t\t\t<div class=\"col-inner\"  >\n\t\t\t\n\t\t\t\n\t<div class=\"img has-hover x md-x lg-x y md-y lg-y\" id=\"image_1775239602\">\n\t\t\t\t\t\t\t\t<div class=\"img-inner image-cover dark\" style=\"padding-top:470px;margin:0px 0px -20px 0px;\">\n\t\t\t\t\t\t\t\t\t\n\t\t\t\t\t<\/div>\n\t\t\t\t\t\t\t\t\n<style>\n#image_1775239602 {\n  width: 100%;\n}\n<\/style>\n\t<\/div>\n\t\n\t\t<\/div>\n\t\t\t\t\t<\/div>\n\n\t\n<\/div>\n<p>\u00c8 evidente dunque che la salute dell\u2019individuo sta diventando sempre pi\u00f9 argomento portante per un cambiamento che potr\u00e0 cos\u00ec avvenire sia a livello di societ\u00e0 \u2013 quindi quotidiano &#8211; che, poi, ambientale. Tutte le tematiche sono state quindi racchiuse in una serie di traguardi, <strong>SDGs<\/strong>, che hanno come valore portante il miglioramento della qualit\u00e0 della vita sotto vari aspetti: 1. sconfiggere la povert\u00e0 e 2. la fame, 3. salute e benessere, 4. istruzione di qualit\u00e0, 5. parit\u00e0 di genere, 6. acqua pulita e servizi igienico-sanitari, 7. energia pulita e accessibile, 8. lavoro dignitoso e crescita economica, 9. imprese \u2013 innovazione e infrastrutture, 10. ridurre le disuguaglianze, 11. citt\u00e0 e comunit\u00e0 sostenibili, 12. consumo e produzione responsabili, 13. lotta contro il cambiamento climatico, 14. vita sott\u2019acqua e 15. sulla terra, 16. pace giustizia e istituzioni solide, 17. partnership per gli obiettivi.<\/p>\n<p>Tra gli altri, ci ha pensato anche Oxfam che ha ideato il progetto \u201c<a href=\"https:\/\/www.educazionedigitale.it\/mindsofchange\/\" target=\"_blank\" rel=\"noopener\"><strong><u>Minds of change<\/u><\/strong><\/a>\u201d, un focus, diviso su vari target in et\u00e0 scolare, che mira a pensare al cambiamento, sia esso in termini di sostenibilit\u00e0, di ambiente, ma anche di salute come forma base per la connessione con gli altri: \u201cscelte responsabili da fare per non trascurare la dignit\u00e0 di nessuno\u201d cos\u00ec viene descritto.<\/p>\n<p>La salute, quindi, vista come bene comune a 360\u00b0, da un lato, e la comunit\u00e0 che la produce, dall\u2019altro. Nell\u2019elenco di scelte che possono certamente mettere in luce questo binomio, oltre alla valorizzazione delle competenze del singolo, un sistema di servizi, pratiche e competenze efficienti, anche la promozione di stili di vita atti al miglioramento della stessa, che creerebbero quindi un forte legame con la questione ambientale.<\/p>\n<div class=\"row\"  id=\"row-2119902111\">\n\n\t<div id=\"col-1171652477\" class=\"col medium-6 small-12 large-6\"  data-animate=\"bounceIn\">\n\t\t\t\t<div class=\"col-inner\"  >\n\t\t\t\n\t\t\t\n\t<div class=\"img has-hover x md-x lg-x y md-y lg-y\" id=\"image_1225135369\">\n\t\t\t\t\t\t\t\t<div class=\"img-inner image-cover dark\" style=\"padding-top:460px;margin:0px 0px 0px 0px;\">\n\t\t\t\t\t\t\t\t\t\n\t\t\t\t\t<\/div>\n\t\t\t\t\t\t\t\t\n<style>\n#image_1225135369 {\n  width: 100%;\n}\n<\/style>\n\t<\/div>\n\t\n\t\t<\/div>\n\t\t\t\t\n<style>\n#col-1171652477 > .col-inner {\n  margin: 0px 0px -20px 0px;\n}\n<\/style>\n\t<\/div>\n\n\t\n\n\t<div id=\"col-1595389950\" class=\"col medium-6 small-12 large-6\"  >\n\t\t\t\t<div class=\"col-inner\"  >\n\t\t\t\n\t\t\t\n<p>Collegamento, questo, che oggigiorno sta vedendo una luce nuova, un\u2019importanza che mai come ora ha avuto in passato. Lo notiamo nelle attivit\u00e0 di tutti i giorni, dall\u2019attenzione che poniamo ad ogni singola iniziativa o gesto che possa, appunto, generare salute nell\u2019ecosistema che ci circonda. Parliamo, come sempre, di piccoli passi, che per\u00f2 vedono coinvolti sempre pi\u00f9 i giovani, il futuro della nostra societ\u00e0 con vari progetti che dall\u2019ambito scolastico, dove quasi sempre nascono, vengono riprodotti poi a casa, nell\u2019ambiente familiare. Ed \u00e8 quindi qui che torniamo al nostro grande albero secolare, che con i suoi rami condivide il sapere appreso tra i banchi alle relazioni esterne, familiari o amicali. Da questi gesti che sembrano a primo impatto quasi nulli, si giunge invece ai grandi cambiamenti, fondamentali per la salute dell\u2019ambiente.<\/p>\n\t\t<\/div>\n\t\t\t\t\n<style>\n#col-1595389950 > .col-inner {\n  margin: 0px 0px -30px 0px;\n}\n<\/style>\n\t<\/div>\n\n\t\n<\/div>\n<p><a href=\"https:\/\/www.educazionedigitale.it\/\" target=\"_blank\" rel=\"noopener\"><strong><u>Educazione Digitale<\/u><\/strong><\/a>, per esempio, ha molto a cuore questo argomento, per questo ha all\u2019attivo una serie di progetti tra cui <a href=\"https:\/\/www.educazionedigitale.it\/planeteducation\/\" target=\"_blank\" rel=\"noopener\"><strong><u>Planet Education<\/u><\/strong><\/a>, dedicato ai temi pi\u00f9 urgenti per il nostro Pianeta, quali sono e come trovare alternative. Argomenti che, ad oggi, possono essere trattati in un discorso pi\u00f9 ampio, di tipo interdisciplinare, toccando cos\u00ec i vari risvolti che senza dubbio sono ormai presenti in tutte le materie. Un altro esempio di questo tipo potrebbe essere certamente <a href=\"https:\/\/www.educazionedigitale.it\/atuttavita\/\" target=\"_blank\" rel=\"noopener\"><strong><u>A tutta vita<\/u><\/strong><\/a>, un programma pensato per connettere in senso stretto il valore della salute per l\u2019individuo a quello della societ\u00e0 e, ad ampio spettro, quello dell\u2019ambiente. Rivolto agli studenti delle scuole secondarie di I e II grado, \u00e8 nato quindi per sensibilizzarli riguardo l\u2019importanza di avere abitudini alimentari e comportamentali corrette, per poter vivere bene e in salute nel proprio ambiente e sviluppare appieno le proprie capacit\u00e0,\u00a0<strong>contribuendo attivamente alla vita relazionale e comunitaria<\/strong><strong>. <\/strong><\/p>\n<p>Una strada, quella dell\u2019attenzione all\u2019argomento salute vista in generale, che non \u00e8 pi\u00f9 cos\u00ec invisibile. Grazie all\u2019energia dei singoli, ai sogni di tutti e alle azioni \u00e8 un percorso gi\u00e0 tracciato e pronto a seminare nuovi cambiamenti, crescite, sicuri e speranzosi di vederne rigogliosi i frutti in un futuro che forse non sar\u00e0 nemmeno troppo lontano.<\/p>\n","protected":false},"excerpt":{"rendered":"<p>\u201cMens sana in corpore sano\u201d. Questa famosa locuzione latina \u00e8 spesso utilizzata per esprimere al meglio il rapporto tra la salute fisica e quella mentale. \u00c8 indubbio che una vita attiva, unita ad una sana alimentazione, pongano le basi per un\u2019esistenza in piena salute, ma l\u2019espressione sopra citata pu\u00f2 certamente collegarsi anche ad altri aspetti&#8230;<\/p>\n","protected":false},"author":2,"featured_media":1086,"comment_status":"closed","ping_status":"closed","sticky":false,"template":"","format":"standard","meta":{"_monsterinsights_skip_tracking":false,"_monsterinsights_sitenote_active":false,"_monsterinsights_sitenote_note":"","_monsterinsights_sitenote_category":0,"footnotes":""},"categories":[79,101],"tags":[45,61,44],"class_list":["post-1082","post","type-post","status-publish","format-standard","has-post-thumbnail","hentry","category-articoli","category-orizzonti-didattici","tag-benessere","tag-didattica-digitale","tag-salute"],"yoast_head":"<!-- This site is optimized with the Yoast SEO Premium plugin v27.4 (Yoast SEO v27.4) - https:\/\/yoast.com\/product\/yoast-seo-premium-wordpress\/ -->\n<title>Giornata mondiale della salute: un equilibrio individuale, comune ed ambientale - eDition<\/title>\n<meta name=\"robots\" content=\"index, follow, max-snippet:-1, max-image-preview:large, max-video-preview:-1\" \/>\n<link rel=\"canonical\" href=\"https:\/\/www.educazionedigitale.it\/edition\/giornata-mondiale-della-salute-un-equilibrio-individuale-comune-ed-ambientale\/\" \/>\n<meta property=\"og:locale\" content=\"it_IT\" \/>\n<meta property=\"og:type\" content=\"article\" \/>\n<meta property=\"og:title\" content=\"Giornata mondiale della salute: un equilibrio individuale, comune ed ambientale\" \/>\n<meta property=\"og:description\" content=\"\u201cMens sana in corpore sano\u201d. Questa famosa locuzione latina \u00e8 spesso utilizzata per esprimere al meglio il rapporto tra la salute fisica e quella mentale. \u00c8 indubbio che una vita attiva, unita ad una sana alimentazione, pongano le basi per un\u2019esistenza in piena salute, ma l\u2019espressione sopra citata pu\u00f2 certamente collegarsi anche ad altri aspetti...\" \/>\n<meta property=\"og:url\" content=\"https:\/\/www.educazionedigitale.it\/edition\/giornata-mondiale-della-salute-un-equilibrio-individuale-comune-ed-ambientale\/\" \/>\n<meta property=\"og:site_name\" content=\"eDition\" \/>\n<meta property=\"article:publisher\" content=\"https:\/\/it-it.facebook.com\/EducazioneDigitale\" \/>\n<meta property=\"article:published_time\" content=\"2025-08-26T13:52:12+00:00\" \/>\n<meta property=\"article:modified_time\" content=\"2025-08-26T13:57:17+00:00\" \/>\n<meta property=\"og:image\" content=\"https:\/\/www.educazionedigitale.it\/edition\/wp-content\/uploads\/2023\/04\/high-angle-globe-with-stethoscope-peace-day-scaled.jpg\" \/>\n\t<meta property=\"og:image:width\" content=\"2560\" \/>\n\t<meta property=\"og:image:height\" content=\"1707\" \/>\n\t<meta property=\"og:image:type\" content=\"image\/jpeg\" \/>\n<meta name=\"author\" content=\"Gaja\" \/>\n<meta name=\"twitter:card\" content=\"summary_large_image\" \/>\n<meta name=\"twitter:label1\" content=\"Scritto da\" \/>\n\t<meta name=\"twitter:data1\" content=\"Gaja\" \/>\n\t<meta name=\"twitter:label2\" content=\"Tempo di lettura stimato\" \/>\n\t<meta name=\"twitter:data2\" content=\"6 minuti\" \/>\n<script type=\"application\/ld+json\" class=\"yoast-schema-graph\">{\"@context\":\"https:\\\/\\\/schema.org\",\"@graph\":[{\"@type\":\"Article\",\"@id\":\"https:\\\/\\\/www.educazionedigitale.it\\\/edition\\\/giornata-mondiale-della-salute-un-equilibrio-individuale-comune-ed-ambientale\\\/#article\",\"isPartOf\":{\"@id\":\"https:\\\/\\\/www.educazionedigitale.it\\\/edition\\\/giornata-mondiale-della-salute-un-equilibrio-individuale-comune-ed-ambientale\\\/\"},\"author\":{\"name\":\"Gaja\",\"@id\":\"https:\\\/\\\/www.educazionedigitale.it\\\/edition\\\/#\\\/schema\\\/person\\\/307e4e677789d770c5340431663807da\"},\"headline\":\"Giornata mondiale della salute: un equilibrio individuale, comune ed ambientale\",\"datePublished\":\"2025-08-26T13:52:12+00:00\",\"dateModified\":\"2025-08-26T13:57:17+00:00\",\"mainEntityOfPage\":{\"@id\":\"https:\\\/\\\/www.educazionedigitale.it\\\/edition\\\/giornata-mondiale-della-salute-un-equilibrio-individuale-comune-ed-ambientale\\\/\"},\"wordCount\":1006,\"publisher\":{\"@id\":\"https:\\\/\\\/www.educazionedigitale.it\\\/edition\\\/#organization\"},\"image\":{\"@id\":\"https:\\\/\\\/www.educazionedigitale.it\\\/edition\\\/giornata-mondiale-della-salute-un-equilibrio-individuale-comune-ed-ambientale\\\/#primaryimage\"},\"thumbnailUrl\":\"https:\\\/\\\/www.educazionedigitale.it\\\/edition\\\/wp-content\\\/uploads\\\/2025\\\/10\\\/high-angle-globe-with-stethoscope-peace-day-scaled.webp\",\"keywords\":[\"benessere\",\"didattica digitale\",\"salute\"],\"articleSection\":[\"Articoli\",\"Orizzonti didattici\"],\"inLanguage\":\"it-IT\"},{\"@type\":\"WebPage\",\"@id\":\"https:\\\/\\\/www.educazionedigitale.it\\\/edition\\\/giornata-mondiale-della-salute-un-equilibrio-individuale-comune-ed-ambientale\\\/\",\"url\":\"https:\\\/\\\/www.educazionedigitale.it\\\/edition\\\/giornata-mondiale-della-salute-un-equilibrio-individuale-comune-ed-ambientale\\\/\",\"name\":\"Giornata mondiale della salute: un equilibrio individuale, comune ed ambientale - eDition\",\"isPartOf\":{\"@id\":\"https:\\\/\\\/www.educazionedigitale.it\\\/edition\\\/#website\"},\"primaryImageOfPage\":{\"@id\":\"https:\\\/\\\/www.educazionedigitale.it\\\/edition\\\/giornata-mondiale-della-salute-un-equilibrio-individuale-comune-ed-ambientale\\\/#primaryimage\"},\"image\":{\"@id\":\"https:\\\/\\\/www.educazionedigitale.it\\\/edition\\\/giornata-mondiale-della-salute-un-equilibrio-individuale-comune-ed-ambientale\\\/#primaryimage\"},\"thumbnailUrl\":\"https:\\\/\\\/www.educazionedigitale.it\\\/edition\\\/wp-content\\\/uploads\\\/2025\\\/10\\\/high-angle-globe-with-stethoscope-peace-day-scaled.webp\",\"datePublished\":\"2025-08-26T13:52:12+00:00\",\"dateModified\":\"2025-08-26T13:57:17+00:00\",\"breadcrumb\":{\"@id\":\"https:\\\/\\\/www.educazionedigitale.it\\\/edition\\\/giornata-mondiale-della-salute-un-equilibrio-individuale-comune-ed-ambientale\\\/#breadcrumb\"},\"inLanguage\":\"it-IT\",\"potentialAction\":[{\"@type\":\"ReadAction\",\"target\":[\"https:\\\/\\\/www.educazionedigitale.it\\\/edition\\\/giornata-mondiale-della-salute-un-equilibrio-individuale-comune-ed-ambientale\\\/\"]}]},{\"@type\":\"ImageObject\",\"inLanguage\":\"it-IT\",\"@id\":\"https:\\\/\\\/www.educazionedigitale.it\\\/edition\\\/giornata-mondiale-della-salute-un-equilibrio-individuale-comune-ed-ambientale\\\/#primaryimage\",\"url\":\"https:\\\/\\\/www.educazionedigitale.it\\\/edition\\\/wp-content\\\/uploads\\\/2025\\\/10\\\/high-angle-globe-with-stethoscope-peace-day-scaled.webp\",\"contentUrl\":\"https:\\\/\\\/www.educazionedigitale.it\\\/edition\\\/wp-content\\\/uploads\\\/2025\\\/10\\\/high-angle-globe-with-stethoscope-peace-day-scaled.webp\",\"width\":2560,\"height\":1707,\"caption\":\"giornata mondiale della salute\"},{\"@type\":\"BreadcrumbList\",\"@id\":\"https:\\\/\\\/www.educazionedigitale.it\\\/edition\\\/giornata-mondiale-della-salute-un-equilibrio-individuale-comune-ed-ambientale\\\/#breadcrumb\",\"itemListElement\":[{\"@type\":\"ListItem\",\"position\":1,\"name\":\"Home\",\"item\":\"https:\\\/\\\/www.educazionedigitale.it\\\/edition\\\/\"},{\"@type\":\"ListItem\",\"position\":2,\"name\":\"Giornata mondiale della salute: un equilibrio individuale, comune ed ambientale\"}]},{\"@type\":\"WebSite\",\"@id\":\"https:\\\/\\\/www.educazionedigitale.it\\\/edition\\\/#website\",\"url\":\"https:\\\/\\\/www.educazionedigitale.it\\\/edition\\\/\",\"name\":\"eDition\",\"description\":\"\",\"publisher\":{\"@id\":\"https:\\\/\\\/www.educazionedigitale.it\\\/edition\\\/#organization\"},\"potentialAction\":[{\"@type\":\"SearchAction\",\"target\":{\"@type\":\"EntryPoint\",\"urlTemplate\":\"https:\\\/\\\/www.educazionedigitale.it\\\/edition\\\/?s={search_term_string}\"},\"query-input\":{\"@type\":\"PropertyValueSpecification\",\"valueRequired\":true,\"valueName\":\"search_term_string\"}}],\"inLanguage\":\"it-IT\"},{\"@type\":[\"Organization\",\"Place\"],\"@id\":\"https:\\\/\\\/www.educazionedigitale.it\\\/edition\\\/#organization\",\"name\":\"Educazione Digitale\",\"url\":\"https:\\\/\\\/www.educazionedigitale.it\\\/edition\\\/\",\"logo\":{\"@id\":\"https:\\\/\\\/www.educazionedigitale.it\\\/edition\\\/giornata-mondiale-della-salute-un-equilibrio-individuale-comune-ed-ambientale\\\/#local-main-organization-logo\"},\"image\":{\"@id\":\"https:\\\/\\\/www.educazionedigitale.it\\\/edition\\\/giornata-mondiale-della-salute-un-equilibrio-individuale-comune-ed-ambientale\\\/#local-main-organization-logo\"},\"sameAs\":[\"https:\\\/\\\/it-it.facebook.com\\\/EducazioneDigitale\"],\"telephone\":[],\"openingHoursSpecification\":[{\"@type\":\"OpeningHoursSpecification\",\"dayOfWeek\":[\"Monday\",\"Tuesday\",\"Wednesday\",\"Thursday\",\"Friday\",\"Saturday\",\"Sunday\"],\"opens\":\"09:00\",\"closes\":\"17:00\"}]},{\"@type\":\"Person\",\"@id\":\"https:\\\/\\\/www.educazionedigitale.it\\\/edition\\\/#\\\/schema\\\/person\\\/307e4e677789d770c5340431663807da\",\"name\":\"Gaja\",\"image\":{\"@type\":\"ImageObject\",\"inLanguage\":\"it-IT\",\"@id\":\"https:\\\/\\\/secure.gravatar.com\\\/avatar\\\/a0f7195086df1d10ba7a6df81dbbbbc573285165428388147d1e4ef12c491e2c?s=96&d=mm&r=g\",\"url\":\"https:\\\/\\\/secure.gravatar.com\\\/avatar\\\/a0f7195086df1d10ba7a6df81dbbbbc573285165428388147d1e4ef12c491e2c?s=96&d=mm&r=g\",\"contentUrl\":\"https:\\\/\\\/secure.gravatar.com\\\/avatar\\\/a0f7195086df1d10ba7a6df81dbbbbc573285165428388147d1e4ef12c491e2c?s=96&d=mm&r=g\",\"caption\":\"Gaja\"},\"url\":\"https:\\\/\\\/www.educazionedigitale.it\\\/edition\\\/author\\\/gaja\\\/\"},{\"@type\":\"ImageObject\",\"inLanguage\":\"it-IT\",\"@id\":\"https:\\\/\\\/www.educazionedigitale.it\\\/edition\\\/giornata-mondiale-della-salute-un-equilibrio-individuale-comune-ed-ambientale\\\/#local-main-organization-logo\",\"url\":\"https:\\\/\\\/www.educazionedigitale.it\\\/edition\\\/wp-content\\\/uploads\\\/2025\\\/10\\\/educazione-bright-2-e1761298001891.webp\",\"contentUrl\":\"https:\\\/\\\/www.educazionedigitale.it\\\/edition\\\/wp-content\\\/uploads\\\/2025\\\/10\\\/educazione-bright-2-e1761298001891.webp\",\"width\":207,\"height\":65,\"caption\":\"Educazione Digitale\"}]}<\/script>\n<!-- \/ Yoast SEO Premium plugin. -->","yoast_head_json":{"title":"Giornata mondiale della salute: un equilibrio individuale, comune ed ambientale - eDition","robots":{"index":"index","follow":"follow","max-snippet":"max-snippet:-1","max-image-preview":"max-image-preview:large","max-video-preview":"max-video-preview:-1"},"canonical":"https:\/\/www.educazionedigitale.it\/edition\/giornata-mondiale-della-salute-un-equilibrio-individuale-comune-ed-ambientale\/","og_locale":"it_IT","og_type":"article","og_title":"Giornata mondiale della salute: un equilibrio individuale, comune ed ambientale","og_description":"\u201cMens sana in corpore sano\u201d. Questa famosa locuzione latina \u00e8 spesso utilizzata per esprimere al meglio il rapporto tra la salute fisica e quella mentale. \u00c8 indubbio che una vita attiva, unita ad una sana alimentazione, pongano le basi per un\u2019esistenza in piena salute, ma l\u2019espressione sopra citata pu\u00f2 certamente collegarsi anche ad altri aspetti...","og_url":"https:\/\/www.educazionedigitale.it\/edition\/giornata-mondiale-della-salute-un-equilibrio-individuale-comune-ed-ambientale\/","og_site_name":"eDition","article_publisher":"https:\/\/it-it.facebook.com\/EducazioneDigitale","article_published_time":"2025-08-26T13:52:12+00:00","article_modified_time":"2025-08-26T13:57:17+00:00","og_image":[{"width":2560,"height":1707,"url":"https:\/\/www.educazionedigitale.it\/edition\/wp-content\/uploads\/2023\/04\/high-angle-globe-with-stethoscope-peace-day-scaled.jpg","type":"image\/jpeg"}],"author":"Gaja","twitter_card":"summary_large_image","twitter_misc":{"Scritto da":"Gaja","Tempo di lettura stimato":"6 minuti"},"schema":{"@context":"https:\/\/schema.org","@graph":[{"@type":"Article","@id":"https:\/\/www.educazionedigitale.it\/edition\/giornata-mondiale-della-salute-un-equilibrio-individuale-comune-ed-ambientale\/#article","isPartOf":{"@id":"https:\/\/www.educazionedigitale.it\/edition\/giornata-mondiale-della-salute-un-equilibrio-individuale-comune-ed-ambientale\/"},"author":{"name":"Gaja","@id":"https:\/\/www.educazionedigitale.it\/edition\/#\/schema\/person\/307e4e677789d770c5340431663807da"},"headline":"Giornata mondiale della salute: un equilibrio individuale, comune ed ambientale","datePublished":"2025-08-26T13:52:12+00:00","dateModified":"2025-08-26T13:57:17+00:00","mainEntityOfPage":{"@id":"https:\/\/www.educazionedigitale.it\/edition\/giornata-mondiale-della-salute-un-equilibrio-individuale-comune-ed-ambientale\/"},"wordCount":1006,"publisher":{"@id":"https:\/\/www.educazionedigitale.it\/edition\/#organization"},"image":{"@id":"https:\/\/www.educazionedigitale.it\/edition\/giornata-mondiale-della-salute-un-equilibrio-individuale-comune-ed-ambientale\/#primaryimage"},"thumbnailUrl":"https:\/\/www.educazionedigitale.it\/edition\/wp-content\/uploads\/2025\/10\/high-angle-globe-with-stethoscope-peace-day-scaled.webp","keywords":["benessere","didattica digitale","salute"],"articleSection":["Articoli","Orizzonti didattici"],"inLanguage":"it-IT"},{"@type":"WebPage","@id":"https:\/\/www.educazionedigitale.it\/edition\/giornata-mondiale-della-salute-un-equilibrio-individuale-comune-ed-ambientale\/","url":"https:\/\/www.educazionedigitale.it\/edition\/giornata-mondiale-della-salute-un-equilibrio-individuale-comune-ed-ambientale\/","name":"Giornata mondiale della salute: un equilibrio individuale, comune ed ambientale - eDition","isPartOf":{"@id":"https:\/\/www.educazionedigitale.it\/edition\/#website"},"primaryImageOfPage":{"@id":"https:\/\/www.educazionedigitale.it\/edition\/giornata-mondiale-della-salute-un-equilibrio-individuale-comune-ed-ambientale\/#primaryimage"},"image":{"@id":"https:\/\/www.educazionedigitale.it\/edition\/giornata-mondiale-della-salute-un-equilibrio-individuale-comune-ed-ambientale\/#primaryimage"},"thumbnailUrl":"https:\/\/www.educazionedigitale.it\/edition\/wp-content\/uploads\/2025\/10\/high-angle-globe-with-stethoscope-peace-day-scaled.webp","datePublished":"2025-08-26T13:52:12+00:00","dateModified":"2025-08-26T13:57:17+00:00","breadcrumb":{"@id":"https:\/\/www.educazionedigitale.it\/edition\/giornata-mondiale-della-salute-un-equilibrio-individuale-comune-ed-ambientale\/#breadcrumb"},"inLanguage":"it-IT","potentialAction":[{"@type":"ReadAction","target":["https:\/\/www.educazionedigitale.it\/edition\/giornata-mondiale-della-salute-un-equilibrio-individuale-comune-ed-ambientale\/"]}]},{"@type":"ImageObject","inLanguage":"it-IT","@id":"https:\/\/www.educazionedigitale.it\/edition\/giornata-mondiale-della-salute-un-equilibrio-individuale-comune-ed-ambientale\/#primaryimage","url":"https:\/\/www.educazionedigitale.it\/edition\/wp-content\/uploads\/2025\/10\/high-angle-globe-with-stethoscope-peace-day-scaled.webp","contentUrl":"https:\/\/www.educazionedigitale.it\/edition\/wp-content\/uploads\/2025\/10\/high-angle-globe-with-stethoscope-peace-day-scaled.webp","width":2560,"height":1707,"caption":"giornata mondiale della salute"},{"@type":"BreadcrumbList","@id":"https:\/\/www.educazionedigitale.it\/edition\/giornata-mondiale-della-salute-un-equilibrio-individuale-comune-ed-ambientale\/#breadcrumb","itemListElement":[{"@type":"ListItem","position":1,"name":"Home","item":"https:\/\/www.educazionedigitale.it\/edition\/"},{"@type":"ListItem","position":2,"name":"Giornata mondiale della salute: un equilibrio individuale, comune ed ambientale"}]},{"@type":"WebSite","@id":"https:\/\/www.educazionedigitale.it\/edition\/#website","url":"https:\/\/www.educazionedigitale.it\/edition\/","name":"eDition","description":"","publisher":{"@id":"https:\/\/www.educazionedigitale.it\/edition\/#organization"},"potentialAction":[{"@type":"SearchAction","target":{"@type":"EntryPoint","urlTemplate":"https:\/\/www.educazionedigitale.it\/edition\/?s={search_term_string}"},"query-input":{"@type":"PropertyValueSpecification","valueRequired":true,"valueName":"search_term_string"}}],"inLanguage":"it-IT"},{"@type":["Organization","Place"],"@id":"https:\/\/www.educazionedigitale.it\/edition\/#organization","name":"Educazione Digitale","url":"https:\/\/www.educazionedigitale.it\/edition\/","logo":{"@id":"https:\/\/www.educazionedigitale.it\/edition\/giornata-mondiale-della-salute-un-equilibrio-individuale-comune-ed-ambientale\/#local-main-organization-logo"},"image":{"@id":"https:\/\/www.educazionedigitale.it\/edition\/giornata-mondiale-della-salute-un-equilibrio-individuale-comune-ed-ambientale\/#local-main-organization-logo"},"sameAs":["https:\/\/it-it.facebook.com\/EducazioneDigitale"],"telephone":[],"openingHoursSpecification":[{"@type":"OpeningHoursSpecification","dayOfWeek":["Monday","Tuesday","Wednesday","Thursday","Friday","Saturday","Sunday"],"opens":"09:00","closes":"17:00"}]},{"@type":"Person","@id":"https:\/\/www.educazionedigitale.it\/edition\/#\/schema\/person\/307e4e677789d770c5340431663807da","name":"Gaja","image":{"@type":"ImageObject","inLanguage":"it-IT","@id":"https:\/\/secure.gravatar.com\/avatar\/a0f7195086df1d10ba7a6df81dbbbbc573285165428388147d1e4ef12c491e2c?s=96&d=mm&r=g","url":"https:\/\/secure.gravatar.com\/avatar\/a0f7195086df1d10ba7a6df81dbbbbc573285165428388147d1e4ef12c491e2c?s=96&d=mm&r=g","contentUrl":"https:\/\/secure.gravatar.com\/avatar\/a0f7195086df1d10ba7a6df81dbbbbc573285165428388147d1e4ef12c491e2c?s=96&d=mm&r=g","caption":"Gaja"},"url":"https:\/\/www.educazionedigitale.it\/edition\/author\/gaja\/"},{"@type":"ImageObject","inLanguage":"it-IT","@id":"https:\/\/www.educazionedigitale.it\/edition\/giornata-mondiale-della-salute-un-equilibrio-individuale-comune-ed-ambientale\/#local-main-organization-logo","url":"https:\/\/www.educazionedigitale.it\/edition\/wp-content\/uploads\/2025\/10\/educazione-bright-2-e1761298001891.webp","contentUrl":"https:\/\/www.educazionedigitale.it\/edition\/wp-content\/uploads\/2025\/10\/educazione-bright-2-e1761298001891.webp","width":207,"height":65,"caption":"Educazione Digitale"}]}},"_links":{"self":[{"href":"https:\/\/www.educazionedigitale.it\/edition\/wp-json\/wp\/v2\/posts\/1082","targetHints":{"allow":["GET"]}}],"collection":[{"href":"https:\/\/www.educazionedigitale.it\/edition\/wp-json\/wp\/v2\/posts"}],"about":[{"href":"https:\/\/www.educazionedigitale.it\/edition\/wp-json\/wp\/v2\/types\/post"}],"author":[{"embeddable":true,"href":"https:\/\/www.educazionedigitale.it\/edition\/wp-json\/wp\/v2\/users\/2"}],"replies":[{"embeddable":true,"href":"https:\/\/www.educazionedigitale.it\/edition\/wp-json\/wp\/v2\/comments?post=1082"}],"version-history":[{"count":3,"href":"https:\/\/www.educazionedigitale.it\/edition\/wp-json\/wp\/v2\/posts\/1082\/revisions"}],"predecessor-version":[{"id":1089,"href":"https:\/\/www.educazionedigitale.it\/edition\/wp-json\/wp\/v2\/posts\/1082\/revisions\/1089"}],"wp:featuredmedia":[{"embeddable":true,"href":"https:\/\/www.educazionedigitale.it\/edition\/wp-json\/wp\/v2\/media\/1086"}],"wp:attachment":[{"href":"https:\/\/www.educazionedigitale.it\/edition\/wp-json\/wp\/v2\/media?parent=1082"}],"wp:term":[{"taxonomy":"category","embeddable":true,"href":"https:\/\/www.educazionedigitale.it\/edition\/wp-json\/wp\/v2\/categories?post=1082"},{"taxonomy":"post_tag","embeddable":true,"href":"https:\/\/www.educazionedigitale.it\/edition\/wp-json\/wp\/v2\/tags?post=1082"}],"curies":[{"name":"wp","href":"https:\/\/api.w.org\/{rel}","templated":true}]}}