{"id":301,"date":"2025-08-26T15:52:33","date_gmt":"2025-08-26T13:52:33","guid":{"rendered":"https:\/\/www.educazionedigitale.it\/edition\/?p=301"},"modified":"2025-08-26T15:56:30","modified_gmt":"2025-08-26T13:56:30","slug":"dalla-dad-alla-didattica-mista","status":"publish","type":"post","link":"https:\/\/www.educazionedigitale.it\/edition\/dalla-dad-alla-didattica-mista\/","title":{"rendered":"DALLA DAD ALLA DIDATTICA MISTA: tra relazione, interazione e collaborazione"},"content":{"rendered":"<div style=\"height:20px\"><\/div>\n<p style=\"text-align:justify\">Il mondo scolastico si trova, in questo momento, di fronte alla sfida della didattica integrata che prevede la combinazione di lezioni svolte in presenza e attivit\u00e0 guidate a distanza: una nuova impostazione della routine educativa che deve garantire continuit\u00e0 formativa, continuit\u00e0 e qualit\u00e0 di relazione tra docente ed il gruppo classe.<br \/>\nLa didattica digitale continua ad avere un ruolo importante nel percorso scolastico e, con l\u2019esperienza maturata nel periodo di scuole chiuse, diventa uno strumento di facile utilizzo per i docenti, che possono usufruire delle risorse multimediali sia in classe che a distanza.<br \/>\nGli ambienti digitali possono, infatti, fornire agli insegnanti nuovi strumenti di lavoro ma anche nuovi stimoli metodologici, che favoriscono un apprendimento pi\u00f9 partecipato da parte degli studenti, chiamati ad assumere un ruolo pi\u00f9 attivo nel processo di apprendimento.<\/p>\n<p style=\"text-align:justify\">Oggi per i docenti \u00e8 fondamentale pensare la didattica in modo integrato, scegliendo le attivit\u00e0 e le tecnologie pi\u00f9 adatte a veicolare i contenuti e realizzare i propri obiettivi didattici, guidando gli studenti nell\u2019adozione dei nuovi strumenti e nei compiti richiesti. In questo modo, la didattica digitale pu\u00f2 avere realmente un valore aggiunto, contribuendo a valorizzare la relazione tra docente e studenti nonch\u00e8 tra gli studenti stessi, grazie ad un confronto continuo e nuovi stimoli che permettono di reinterpretare quello che si studia con uno sguardo nuovo.<\/p>\n<p style=\"text-align:justify\">I docenti possono sfruttare le potenzialit\u00e0 degli strumenti ICT, modificando i ritmi e le modalit\u00e0 della lezione frontale attraverso, ad esempio, la metodologia della <a href=\"https:\/\/www.educazionedigitale.it\/edition\/guida-rapida-alla-flipped-classroom\/\" rel=\"noopener noreferrer\" target=\"_blank\"><strong>flipped classroom<\/strong><\/a>, che introduce gli studenti ad un modo pi\u00f9 autonomo di imparare e ad attivare confronti partecipati durante le ore di lezione. \u00c8 infatti l\u2019insegnante a fornire istruzioni e suggerimenti ai ragazzi, per facilitarli ad organizzare al meglio i contenuti, individuare i concetti di base, suddividerli su vari livelli di importanza e trovare le relazioni associative che li legano.<\/p>\n<p style=\"text-align:justify\">Anche la didattica collaborativa pu\u00f2 essere un approccio importante per sviluppare un nuovo ambiente di apprendimento: accanto alle richieste individuali di rielaborazione e ai momenti di verifica, le lezioni possono essere scandite da pi\u00f9 attivit\u00e0 di gruppo che contribuiscono ad aumentare il confronto e la mediazione tra compagni di classe. Grazie all\u2019introduzione di uno stimolo ludico-pedagogico, gli studenti possono essere coinvolti in sfide di dibattito, tornei e lavori di gruppo finalizzati a proporre elaborati creativi: queste attivit\u00e0 possono svolgersi sia in presenza sia a distanza con il supporto di lezioni digitali strutturate, come quelle reperibili sulla piattaforma <a href=\"https:\/\/www.educazionedigitale.it\/\"><strong>EducazioneDigitale.it<\/strong><\/a>.<br \/>\nStrumenti quali Trivia Quiz, Living Book e Open Mind \u2013 fruibili anche nella versione flipped classroom e Debate \u2013 sono basati sull\u2019integrazione di diversi stimoli didattici e operativi che possono essere combinati in maniera personalizzata dal docente per fare didattica integrata.<\/p>\n<p style=\"text-align:justify\">Le potenzialit\u00e0 dell\u2019utilizzo degli strumenti ICT e dei format digitali sono numerose: i docenti possono decidere i tempi e le modalit\u00e0 di interazione e di partecipazione con il gruppo classe e, mettendo al centro la relazione, possono trasformare le logiche della lezione tradizionale.<\/p>\n","protected":false},"excerpt":{"rendered":"<p>Il mondo scolastico si trova, in questo momento, di fronte alla sfida della didattica integrata che prevede la combinazione di lezioni svolte in presenza e attivit\u00e0 guidate a distanza: una nuova impostazione della routine educativa che deve garantire continuit\u00e0 formativa, continuit\u00e0 e qualit\u00e0 di relazione tra docente ed il gruppo classe. La didattica digitale continua&#8230;<\/p>\n","protected":false},"author":5,"featured_media":302,"comment_status":"open","ping_status":"open","sticky":false,"template":"","format":"standard","meta":{"_monsterinsights_skip_tracking":false,"_monsterinsights_sitenote_active":false,"_monsterinsights_sitenote_note":"","_monsterinsights_sitenote_category":0,"footnotes":""},"categories":[79,101],"tags":[30,29,28],"class_list":["post-301","post","type-post","status-publish","format-standard","has-post-thumbnail","hentry","category-articoli","category-orizzonti-didattici","tag-dad","tag-didattica-integrata","tag-metodologie-didattiche"],"yoast_head":"<!-- This site is optimized with the Yoast SEO Premium plugin v27.5 (Yoast SEO v27.5) - https:\/\/yoast.com\/product\/yoast-seo-premium-wordpress\/ -->\n<title>DALLA DAD ALLA DIDATTICA MISTA: tra relazione, interazione e collaborazione<\/title>\n<meta name=\"description\" content=\"DALLA DAD ALLA DIDATTICA MISTA: relazione, interazione e collaborazione. La combinazione di lezioni in presenza e attivit\u00e0 a distanza.\" \/>\n<meta name=\"robots\" content=\"index, follow, max-snippet:-1, max-image-preview:large, max-video-preview:-1\" \/>\n<link rel=\"canonical\" href=\"https:\/\/www.educazionedigitale.it\/edition\/dalla-dad-alla-didattica-mista\/\" \/>\n<meta property=\"og:locale\" content=\"it_IT\" \/>\n<meta property=\"og:type\" content=\"article\" \/>\n<meta property=\"og:title\" content=\"DALLA DAD ALLA DIDATTICA MISTA: tra relazione, interazione e collaborazione\" \/>\n<meta property=\"og:description\" content=\"DALLA DAD ALLA DIDATTICA MISTA: relazione, interazione e collaborazione. La combinazione di lezioni in presenza e attivit\u00e0 a distanza.\" \/>\n<meta property=\"og:url\" content=\"https:\/\/www.educazionedigitale.it\/edition\/dalla-dad-alla-didattica-mista\/\" \/>\n<meta property=\"og:site_name\" content=\"eDition\" \/>\n<meta property=\"article:publisher\" content=\"https:\/\/it-it.facebook.com\/EducazioneDigitale\" \/>\n<meta property=\"article:published_time\" content=\"2025-08-26T13:52:33+00:00\" \/>\n<meta property=\"article:modified_time\" content=\"2025-08-26T13:56:30+00:00\" \/>\n<meta property=\"og:image\" content=\"https:\/\/www.educazionedigitale.it\/edition\/wp-content\/uploads\/2020\/09\/kids-computer-class-with-teacher_256588-644.jpg\" \/>\n\t<meta property=\"og:image:width\" content=\"626\" \/>\n\t<meta property=\"og:image:height\" content=\"415\" \/>\n\t<meta property=\"og:image:type\" content=\"image\/jpeg\" \/>\n<meta name=\"author\" content=\"Anastasia\" \/>\n<meta name=\"twitter:card\" content=\"summary_large_image\" \/>\n<meta name=\"twitter:label1\" content=\"Scritto da\" \/>\n\t<meta name=\"twitter:data1\" content=\"Anastasia\" \/>\n\t<meta name=\"twitter:label2\" content=\"Tempo di lettura stimato\" \/>\n\t<meta name=\"twitter:data2\" content=\"2 minuti\" \/>\n<script type=\"application\/ld+json\" class=\"yoast-schema-graph\">{\"@context\":\"https:\\\/\\\/schema.org\",\"@graph\":[{\"@type\":\"Article\",\"@id\":\"https:\\\/\\\/www.educazionedigitale.it\\\/edition\\\/dalla-dad-alla-didattica-mista\\\/#article\",\"isPartOf\":{\"@id\":\"https:\\\/\\\/www.educazionedigitale.it\\\/edition\\\/dalla-dad-alla-didattica-mista\\\/\"},\"author\":{\"name\":\"Anastasia\",\"@id\":\"https:\\\/\\\/www.educazionedigitale.it\\\/edition\\\/#\\\/schema\\\/person\\\/0e2b58d7125d5fbda16d10b367283775\"},\"headline\":\"DALLA DAD ALLA DIDATTICA MISTA: tra relazione, interazione e collaborazione\",\"datePublished\":\"2025-08-26T13:52:33+00:00\",\"dateModified\":\"2025-08-26T13:56:30+00:00\",\"mainEntityOfPage\":{\"@id\":\"https:\\\/\\\/www.educazionedigitale.it\\\/edition\\\/dalla-dad-alla-didattica-mista\\\/\"},\"wordCount\":497,\"commentCount\":0,\"publisher\":{\"@id\":\"https:\\\/\\\/www.educazionedigitale.it\\\/edition\\\/#organization\"},\"image\":{\"@id\":\"https:\\\/\\\/www.educazionedigitale.it\\\/edition\\\/dalla-dad-alla-didattica-mista\\\/#primaryimage\"},\"thumbnailUrl\":\"https:\\\/\\\/www.educazionedigitale.it\\\/edition\\\/wp-content\\\/uploads\\\/2025\\\/10\\\/kids-computer-class-with-teacher_256588-644.webp\",\"keywords\":[\"DAD\",\"didattica integrata\",\"metodologie didattiche\"],\"articleSection\":[\"Articoli\",\"Orizzonti didattici\"],\"inLanguage\":\"it-IT\",\"potentialAction\":[{\"@type\":\"CommentAction\",\"name\":\"Comment\",\"target\":[\"https:\\\/\\\/www.educazionedigitale.it\\\/edition\\\/dalla-dad-alla-didattica-mista\\\/#respond\"]}]},{\"@type\":\"WebPage\",\"@id\":\"https:\\\/\\\/www.educazionedigitale.it\\\/edition\\\/dalla-dad-alla-didattica-mista\\\/\",\"url\":\"https:\\\/\\\/www.educazionedigitale.it\\\/edition\\\/dalla-dad-alla-didattica-mista\\\/\",\"name\":\"DALLA DAD ALLA DIDATTICA MISTA: tra relazione, interazione e collaborazione\",\"isPartOf\":{\"@id\":\"https:\\\/\\\/www.educazionedigitale.it\\\/edition\\\/#website\"},\"primaryImageOfPage\":{\"@id\":\"https:\\\/\\\/www.educazionedigitale.it\\\/edition\\\/dalla-dad-alla-didattica-mista\\\/#primaryimage\"},\"image\":{\"@id\":\"https:\\\/\\\/www.educazionedigitale.it\\\/edition\\\/dalla-dad-alla-didattica-mista\\\/#primaryimage\"},\"thumbnailUrl\":\"https:\\\/\\\/www.educazionedigitale.it\\\/edition\\\/wp-content\\\/uploads\\\/2025\\\/10\\\/kids-computer-class-with-teacher_256588-644.webp\",\"datePublished\":\"2025-08-26T13:52:33+00:00\",\"dateModified\":\"2025-08-26T13:56:30+00:00\",\"description\":\"DALLA DAD ALLA DIDATTICA MISTA: relazione, interazione e collaborazione. La combinazione di lezioni in presenza e attivit\u00e0 a distanza.\",\"breadcrumb\":{\"@id\":\"https:\\\/\\\/www.educazionedigitale.it\\\/edition\\\/dalla-dad-alla-didattica-mista\\\/#breadcrumb\"},\"inLanguage\":\"it-IT\",\"potentialAction\":[{\"@type\":\"ReadAction\",\"target\":[\"https:\\\/\\\/www.educazionedigitale.it\\\/edition\\\/dalla-dad-alla-didattica-mista\\\/\"]}]},{\"@type\":\"ImageObject\",\"inLanguage\":\"it-IT\",\"@id\":\"https:\\\/\\\/www.educazionedigitale.it\\\/edition\\\/dalla-dad-alla-didattica-mista\\\/#primaryimage\",\"url\":\"https:\\\/\\\/www.educazionedigitale.it\\\/edition\\\/wp-content\\\/uploads\\\/2025\\\/10\\\/kids-computer-class-with-teacher_256588-644.webp\",\"contentUrl\":\"https:\\\/\\\/www.educazionedigitale.it\\\/edition\\\/wp-content\\\/uploads\\\/2025\\\/10\\\/kids-computer-class-with-teacher_256588-644.webp\",\"width\":626,\"height\":415},{\"@type\":\"BreadcrumbList\",\"@id\":\"https:\\\/\\\/www.educazionedigitale.it\\\/edition\\\/dalla-dad-alla-didattica-mista\\\/#breadcrumb\",\"itemListElement\":[{\"@type\":\"ListItem\",\"position\":1,\"name\":\"Home\",\"item\":\"https:\\\/\\\/www.educazionedigitale.it\\\/edition\\\/\"},{\"@type\":\"ListItem\",\"position\":2,\"name\":\"DALLA DAD ALLA DIDATTICA MISTA: tra relazione, interazione e collaborazione\"}]},{\"@type\":\"WebSite\",\"@id\":\"https:\\\/\\\/www.educazionedigitale.it\\\/edition\\\/#website\",\"url\":\"https:\\\/\\\/www.educazionedigitale.it\\\/edition\\\/\",\"name\":\"eDition\",\"description\":\"\",\"publisher\":{\"@id\":\"https:\\\/\\\/www.educazionedigitale.it\\\/edition\\\/#organization\"},\"potentialAction\":[{\"@type\":\"SearchAction\",\"target\":{\"@type\":\"EntryPoint\",\"urlTemplate\":\"https:\\\/\\\/www.educazionedigitale.it\\\/edition\\\/?s={search_term_string}\"},\"query-input\":{\"@type\":\"PropertyValueSpecification\",\"valueRequired\":true,\"valueName\":\"search_term_string\"}}],\"inLanguage\":\"it-IT\"},{\"@type\":[\"Organization\",\"Place\"],\"@id\":\"https:\\\/\\\/www.educazionedigitale.it\\\/edition\\\/#organization\",\"name\":\"Educazione Digitale\",\"url\":\"https:\\\/\\\/www.educazionedigitale.it\\\/edition\\\/\",\"logo\":{\"@id\":\"https:\\\/\\\/www.educazionedigitale.it\\\/edition\\\/dalla-dad-alla-didattica-mista\\\/#local-main-organization-logo\"},\"image\":{\"@id\":\"https:\\\/\\\/www.educazionedigitale.it\\\/edition\\\/dalla-dad-alla-didattica-mista\\\/#local-main-organization-logo\"},\"sameAs\":[\"https:\\\/\\\/it-it.facebook.com\\\/EducazioneDigitale\"],\"telephone\":[],\"openingHoursSpecification\":[{\"@type\":\"OpeningHoursSpecification\",\"dayOfWeek\":[\"Monday\",\"Tuesday\",\"Wednesday\",\"Thursday\",\"Friday\",\"Saturday\",\"Sunday\"],\"opens\":\"09:00\",\"closes\":\"17:00\"}]},{\"@type\":\"Person\",\"@id\":\"https:\\\/\\\/www.educazionedigitale.it\\\/edition\\\/#\\\/schema\\\/person\\\/0e2b58d7125d5fbda16d10b367283775\",\"name\":\"Anastasia\",\"image\":{\"@type\":\"ImageObject\",\"inLanguage\":\"it-IT\",\"@id\":\"https:\\\/\\\/secure.gravatar.com\\\/avatar\\\/4fdbcc91be799727d6545935808d76c0bd05ec0746bf84c5015b71fad3bb923b?s=96&d=mm&r=g\",\"url\":\"https:\\\/\\\/secure.gravatar.com\\\/avatar\\\/4fdbcc91be799727d6545935808d76c0bd05ec0746bf84c5015b71fad3bb923b?s=96&d=mm&r=g\",\"contentUrl\":\"https:\\\/\\\/secure.gravatar.com\\\/avatar\\\/4fdbcc91be799727d6545935808d76c0bd05ec0746bf84c5015b71fad3bb923b?s=96&d=mm&r=g\",\"caption\":\"Anastasia\"},\"url\":\"https:\\\/\\\/www.educazionedigitale.it\\\/edition\\\/author\\\/anastasia\\\/\"},{\"@type\":\"ImageObject\",\"inLanguage\":\"it-IT\",\"@id\":\"https:\\\/\\\/www.educazionedigitale.it\\\/edition\\\/dalla-dad-alla-didattica-mista\\\/#local-main-organization-logo\",\"url\":\"https:\\\/\\\/www.educazionedigitale.it\\\/edition\\\/wp-content\\\/uploads\\\/2025\\\/10\\\/educazione-bright-2-e1761298001891.webp\",\"contentUrl\":\"https:\\\/\\\/www.educazionedigitale.it\\\/edition\\\/wp-content\\\/uploads\\\/2025\\\/10\\\/educazione-bright-2-e1761298001891.webp\",\"width\":207,\"height\":65,\"caption\":\"Educazione Digitale\"}]}<\/script>\n<!-- \/ Yoast SEO Premium plugin. -->","yoast_head_json":{"title":"DALLA DAD ALLA DIDATTICA MISTA: tra relazione, interazione e collaborazione","description":"DALLA DAD ALLA DIDATTICA MISTA: relazione, interazione e collaborazione. La combinazione di lezioni in presenza e attivit\u00e0 a distanza.","robots":{"index":"index","follow":"follow","max-snippet":"max-snippet:-1","max-image-preview":"max-image-preview:large","max-video-preview":"max-video-preview:-1"},"canonical":"https:\/\/www.educazionedigitale.it\/edition\/dalla-dad-alla-didattica-mista\/","og_locale":"it_IT","og_type":"article","og_title":"DALLA DAD ALLA DIDATTICA MISTA: tra relazione, interazione e collaborazione","og_description":"DALLA DAD ALLA DIDATTICA MISTA: relazione, interazione e collaborazione. La combinazione di lezioni in presenza e attivit\u00e0 a distanza.","og_url":"https:\/\/www.educazionedigitale.it\/edition\/dalla-dad-alla-didattica-mista\/","og_site_name":"eDition","article_publisher":"https:\/\/it-it.facebook.com\/EducazioneDigitale","article_published_time":"2025-08-26T13:52:33+00:00","article_modified_time":"2025-08-26T13:56:30+00:00","og_image":[{"width":626,"height":415,"url":"https:\/\/www.educazionedigitale.it\/edition\/wp-content\/uploads\/2020\/09\/kids-computer-class-with-teacher_256588-644.jpg","type":"image\/jpeg"}],"author":"Anastasia","twitter_card":"summary_large_image","twitter_misc":{"Scritto da":"Anastasia","Tempo di lettura stimato":"2 minuti"},"schema":{"@context":"https:\/\/schema.org","@graph":[{"@type":"Article","@id":"https:\/\/www.educazionedigitale.it\/edition\/dalla-dad-alla-didattica-mista\/#article","isPartOf":{"@id":"https:\/\/www.educazionedigitale.it\/edition\/dalla-dad-alla-didattica-mista\/"},"author":{"name":"Anastasia","@id":"https:\/\/www.educazionedigitale.it\/edition\/#\/schema\/person\/0e2b58d7125d5fbda16d10b367283775"},"headline":"DALLA DAD ALLA DIDATTICA MISTA: tra relazione, interazione e collaborazione","datePublished":"2025-08-26T13:52:33+00:00","dateModified":"2025-08-26T13:56:30+00:00","mainEntityOfPage":{"@id":"https:\/\/www.educazionedigitale.it\/edition\/dalla-dad-alla-didattica-mista\/"},"wordCount":497,"commentCount":0,"publisher":{"@id":"https:\/\/www.educazionedigitale.it\/edition\/#organization"},"image":{"@id":"https:\/\/www.educazionedigitale.it\/edition\/dalla-dad-alla-didattica-mista\/#primaryimage"},"thumbnailUrl":"https:\/\/www.educazionedigitale.it\/edition\/wp-content\/uploads\/2025\/10\/kids-computer-class-with-teacher_256588-644.webp","keywords":["DAD","didattica integrata","metodologie didattiche"],"articleSection":["Articoli","Orizzonti didattici"],"inLanguage":"it-IT","potentialAction":[{"@type":"CommentAction","name":"Comment","target":["https:\/\/www.educazionedigitale.it\/edition\/dalla-dad-alla-didattica-mista\/#respond"]}]},{"@type":"WebPage","@id":"https:\/\/www.educazionedigitale.it\/edition\/dalla-dad-alla-didattica-mista\/","url":"https:\/\/www.educazionedigitale.it\/edition\/dalla-dad-alla-didattica-mista\/","name":"DALLA DAD ALLA DIDATTICA MISTA: tra relazione, interazione e collaborazione","isPartOf":{"@id":"https:\/\/www.educazionedigitale.it\/edition\/#website"},"primaryImageOfPage":{"@id":"https:\/\/www.educazionedigitale.it\/edition\/dalla-dad-alla-didattica-mista\/#primaryimage"},"image":{"@id":"https:\/\/www.educazionedigitale.it\/edition\/dalla-dad-alla-didattica-mista\/#primaryimage"},"thumbnailUrl":"https:\/\/www.educazionedigitale.it\/edition\/wp-content\/uploads\/2025\/10\/kids-computer-class-with-teacher_256588-644.webp","datePublished":"2025-08-26T13:52:33+00:00","dateModified":"2025-08-26T13:56:30+00:00","description":"DALLA DAD ALLA DIDATTICA MISTA: relazione, interazione e collaborazione. La combinazione di lezioni in presenza e attivit\u00e0 a distanza.","breadcrumb":{"@id":"https:\/\/www.educazionedigitale.it\/edition\/dalla-dad-alla-didattica-mista\/#breadcrumb"},"inLanguage":"it-IT","potentialAction":[{"@type":"ReadAction","target":["https:\/\/www.educazionedigitale.it\/edition\/dalla-dad-alla-didattica-mista\/"]}]},{"@type":"ImageObject","inLanguage":"it-IT","@id":"https:\/\/www.educazionedigitale.it\/edition\/dalla-dad-alla-didattica-mista\/#primaryimage","url":"https:\/\/www.educazionedigitale.it\/edition\/wp-content\/uploads\/2025\/10\/kids-computer-class-with-teacher_256588-644.webp","contentUrl":"https:\/\/www.educazionedigitale.it\/edition\/wp-content\/uploads\/2025\/10\/kids-computer-class-with-teacher_256588-644.webp","width":626,"height":415},{"@type":"BreadcrumbList","@id":"https:\/\/www.educazionedigitale.it\/edition\/dalla-dad-alla-didattica-mista\/#breadcrumb","itemListElement":[{"@type":"ListItem","position":1,"name":"Home","item":"https:\/\/www.educazionedigitale.it\/edition\/"},{"@type":"ListItem","position":2,"name":"DALLA DAD ALLA DIDATTICA MISTA: tra relazione, interazione e collaborazione"}]},{"@type":"WebSite","@id":"https:\/\/www.educazionedigitale.it\/edition\/#website","url":"https:\/\/www.educazionedigitale.it\/edition\/","name":"eDition","description":"","publisher":{"@id":"https:\/\/www.educazionedigitale.it\/edition\/#organization"},"potentialAction":[{"@type":"SearchAction","target":{"@type":"EntryPoint","urlTemplate":"https:\/\/www.educazionedigitale.it\/edition\/?s={search_term_string}"},"query-input":{"@type":"PropertyValueSpecification","valueRequired":true,"valueName":"search_term_string"}}],"inLanguage":"it-IT"},{"@type":["Organization","Place"],"@id":"https:\/\/www.educazionedigitale.it\/edition\/#organization","name":"Educazione Digitale","url":"https:\/\/www.educazionedigitale.it\/edition\/","logo":{"@id":"https:\/\/www.educazionedigitale.it\/edition\/dalla-dad-alla-didattica-mista\/#local-main-organization-logo"},"image":{"@id":"https:\/\/www.educazionedigitale.it\/edition\/dalla-dad-alla-didattica-mista\/#local-main-organization-logo"},"sameAs":["https:\/\/it-it.facebook.com\/EducazioneDigitale"],"telephone":[],"openingHoursSpecification":[{"@type":"OpeningHoursSpecification","dayOfWeek":["Monday","Tuesday","Wednesday","Thursday","Friday","Saturday","Sunday"],"opens":"09:00","closes":"17:00"}]},{"@type":"Person","@id":"https:\/\/www.educazionedigitale.it\/edition\/#\/schema\/person\/0e2b58d7125d5fbda16d10b367283775","name":"Anastasia","image":{"@type":"ImageObject","inLanguage":"it-IT","@id":"https:\/\/secure.gravatar.com\/avatar\/4fdbcc91be799727d6545935808d76c0bd05ec0746bf84c5015b71fad3bb923b?s=96&d=mm&r=g","url":"https:\/\/secure.gravatar.com\/avatar\/4fdbcc91be799727d6545935808d76c0bd05ec0746bf84c5015b71fad3bb923b?s=96&d=mm&r=g","contentUrl":"https:\/\/secure.gravatar.com\/avatar\/4fdbcc91be799727d6545935808d76c0bd05ec0746bf84c5015b71fad3bb923b?s=96&d=mm&r=g","caption":"Anastasia"},"url":"https:\/\/www.educazionedigitale.it\/edition\/author\/anastasia\/"},{"@type":"ImageObject","inLanguage":"it-IT","@id":"https:\/\/www.educazionedigitale.it\/edition\/dalla-dad-alla-didattica-mista\/#local-main-organization-logo","url":"https:\/\/www.educazionedigitale.it\/edition\/wp-content\/uploads\/2025\/10\/educazione-bright-2-e1761298001891.webp","contentUrl":"https:\/\/www.educazionedigitale.it\/edition\/wp-content\/uploads\/2025\/10\/educazione-bright-2-e1761298001891.webp","width":207,"height":65,"caption":"Educazione Digitale"}]}},"_links":{"self":[{"href":"https:\/\/www.educazionedigitale.it\/edition\/wp-json\/wp\/v2\/posts\/301","targetHints":{"allow":["GET"]}}],"collection":[{"href":"https:\/\/www.educazionedigitale.it\/edition\/wp-json\/wp\/v2\/posts"}],"about":[{"href":"https:\/\/www.educazionedigitale.it\/edition\/wp-json\/wp\/v2\/types\/post"}],"author":[{"embeddable":true,"href":"https:\/\/www.educazionedigitale.it\/edition\/wp-json\/wp\/v2\/users\/5"}],"replies":[{"embeddable":true,"href":"https:\/\/www.educazionedigitale.it\/edition\/wp-json\/wp\/v2\/comments?post=301"}],"version-history":[{"count":3,"href":"https:\/\/www.educazionedigitale.it\/edition\/wp-json\/wp\/v2\/posts\/301\/revisions"}],"predecessor-version":[{"id":759,"href":"https:\/\/www.educazionedigitale.it\/edition\/wp-json\/wp\/v2\/posts\/301\/revisions\/759"}],"wp:featuredmedia":[{"embeddable":true,"href":"https:\/\/www.educazionedigitale.it\/edition\/wp-json\/wp\/v2\/media\/302"}],"wp:attachment":[{"href":"https:\/\/www.educazionedigitale.it\/edition\/wp-json\/wp\/v2\/media?parent=301"}],"wp:term":[{"taxonomy":"category","embeddable":true,"href":"https:\/\/www.educazionedigitale.it\/edition\/wp-json\/wp\/v2\/categories?post=301"},{"taxonomy":"post_tag","embeddable":true,"href":"https:\/\/www.educazionedigitale.it\/edition\/wp-json\/wp\/v2\/tags?post=301"}],"curies":[{"name":"wp","href":"https:\/\/api.w.org\/{rel}","templated":true}]}}